{"id":418,"date":"2013-03-03T13:42:23","date_gmt":"2013-03-03T12:42:23","guid":{"rendered":"http:\/\/webek2.fuw.edu.pl\/osa\/?p=418"},"modified":"2025-06-03T14:49:36","modified_gmt":"2025-06-03T12:49:36","slug":"wyklad-prof-kossackiego","status":"publish","type":"post","link":"https:\/\/knof.fuw.edu.pl\/index.php\/2013\/03\/03\/wyklad-prof-kossackiego\/","title":{"rendered":"Wyk\u0142ad prof. Kossackiego"},"content":{"rendered":"<p>[pe2-image src=&#8221;http:\/\/lh4.ggpht.com\/-SzzUEd0CNY8\/UTNBCteWCWI\/AAAAAAAAA4M\/fZ8ffGBIiLg\/s144-c\/IMG_1010.JPG&#8221; href=&#8221;https:\/\/picasaweb.google.com\/100044376096487566345\/WykAdProfKossacki#5851091855706818914&#8243; caption=&#8221;IMG_1010.JPG&#8221; type=&#8221;image&#8221; alt=&#8221;IMG_1010.JPG&#8221; pe2_single_image_size=&#8221;w300&#8243; pe2_single_video_size=&#8221;w300&#8243; pe2_img_align=&#8221;left&#8221; ]<\/p>\n<p>&nbsp;<\/p>\n<p style=\"text-align: right;\">\u00a0W minion\u0105 \u015brod\u0119 odby\u0142 si\u0119 wyk\u0142ad prof. Kossackiego o kropkach kwantowych. Dzi\u0119kujemy wszystkim za obecno\u015b\u0107, zw\u0142aszcza za reprezentacj\u0119 student\u00f3w z Zak\u0142adu Fizyki Cia\u0142a Sta\u0142ego. Mamy nadziej\u0119, \u017ce si\u0119 podoba\u0142o!<\/p>\n<p style=\"text-align: right;\">Ju\u017c wkr\u00f3tce kolejne wydarzenia OSA: sesja plakatowa, Pizza Day i wyjazd naukowy do NCU OSA Chapter w Toruniu! Dalsze szczeg\u00f3\u0142y zostan\u0105 og\u0142oszone niebawem.<\/p>\n","protected":false},"excerpt":{"rendered":"<p>[pe2-image src=&#8221;http:\/\/lh4.ggpht.com\/-SzzUEd0CNY8\/UTNBCteWCWI\/AAAAAAAAA4M\/fZ8ffGBIiLg\/s144-c\/IMG_1010.JPG&#8221; href=&#8221;https:\/\/picasaweb.google.com\/100044376096487566345\/WykAdProfKossacki#5851091855706818914&#8243; caption=&#8221;IMG_1010.JPG&#8221; type=&#8221;image&#8221; alt=&#8221;IMG_1010.JPG&#8221; pe2_single_image_size=&#8221;w300&#8243; pe2_single_video_size=&#8221;w300&#8243; pe2_img_align=&#8221;left&#8221; ] &nbsp; \u00a0W minion\u0105 \u015brod\u0119 odby\u0142 si\u0119 wyk\u0142ad prof. Kossackiego o kropkach kwantowych. Dzi\u0119kujemy wszystkim za obecno\u015b\u0107, zw\u0142aszcza za reprezentacj\u0119 student\u00f3w z Zak\u0142adu Fizyki Cia\u0142a Sta\u0142ego. Mamy nadziej\u0119, \u017ce si\u0119 podoba\u0142o! Ju\u017c wkr\u00f3tce kolejne wydarzenia OSA: sesja plakatowa, Pizza Day i &hellip;<\/p>\n","protected":false},"author":1,"featured_media":0,"comment_status":"closed","ping_status":"open","sticky":false,"template":"","format":"standard","meta":{"footnotes":""},"categories":[6,14],"tags":[13],"class_list":["post-418","post","type-post","status-publish","format-standard","hentry","category-spotkania","category-wyklady","tag-kropki-kwantowe"],"_links":{"self":[{"href":"https:\/\/knof.fuw.edu.pl\/index.php\/wp-json\/wp\/v2\/posts\/418","targetHints":{"allow":["GET"]}}],"collection":[{"href":"https:\/\/knof.fuw.edu.pl\/index.php\/wp-json\/wp\/v2\/posts"}],"about":[{"href":"https:\/\/knof.fuw.edu.pl\/index.php\/wp-json\/wp\/v2\/types\/post"}],"author":[{"embeddable":true,"href":"https:\/\/knof.fuw.edu.pl\/index.php\/wp-json\/wp\/v2\/users\/1"}],"replies":[{"embeddable":true,"href":"https:\/\/knof.fuw.edu.pl\/index.php\/wp-json\/wp\/v2\/comments?post=418"}],"version-history":[{"count":2,"href":"https:\/\/knof.fuw.edu.pl\/index.php\/wp-json\/wp\/v2\/posts\/418\/revisions"}],"predecessor-version":[{"id":2426,"href":"https:\/\/knof.fuw.edu.pl\/index.php\/wp-json\/wp\/v2\/posts\/418\/revisions\/2426"}],"wp:attachment":[{"href":"https:\/\/knof.fuw.edu.pl\/index.php\/wp-json\/wp\/v2\/media?parent=418"}],"wp:term":[{"taxonomy":"category","embeddable":true,"href":"https:\/\/knof.fuw.edu.pl\/index.php\/wp-json\/wp\/v2\/categories?post=418"},{"taxonomy":"post_tag","embeddable":true,"href":"https:\/\/knof.fuw.edu.pl\/index.php\/wp-json\/wp\/v2\/tags?post=418"}],"curies":[{"name":"wp","href":"https:\/\/api.w.org\/{rel}","templated":true}]}}