{"id":259,"date":"2012-11-27T14:04:53","date_gmt":"2012-11-27T13:04:53","guid":{"rendered":"http:\/\/webek2.fuw.edu.pl\/osa\/?p=259"},"modified":"2025-06-03T14:49:42","modified_gmt":"2025-06-03T12:49:42","slug":"nowy-zarzad-osa-knof","status":"publish","type":"post","link":"https:\/\/knof.fuw.edu.pl\/index.php\/2012\/11\/27\/nowy-zarzad-osa-knof\/","title":{"rendered":"Nowy zarz\u0105d OSA &#038; KNOF"},"content":{"rendered":"<p>&nbsp;<\/p>\n<p>Z przyjemno\u015bci\u0105 informujemy, \u017ce Walne Zgromadzenie wszystkich cz\u0142onk\u00f3w\u00a0Ko\u0142a Naukowego Optyki i Fotoniki oraz OSA University of Warsaw Student Chapter wybra\u0142o nowy zarz\u0105d na kadencj\u0119 2012\/2013 w sk\u0142adzie:\u00a0<span style=\"font-size: 1rem;\">[pe2-image src=&#8221;http:\/\/lh5.ggpht.com\/-mOixsPVMM1c\/UQkEquZNtQI\/AAAAAAAAAxY\/8oIYP78ahrQ\/s144-c\/IMG_0691.JPG&#8221; href=&#8221;https:\/\/picasaweb.google.com\/100044376096487566345\/20121115WalneZgromadzenie#5839203523917362434&#8243; caption=&#8221;IMG_0691.JPG&#8221; type=&#8221;image&#8221; alt=&#8221;IMG_0691.JPG&#8221; pe2_img_align=&#8221;right&#8221; ]<\/span><\/p>\n<p>Micha\u0142 Nawrot \u2013 prezes<\/p>\n<p>Micha\u0142 Parniak \u2013 wiceprezes<\/p>\n<p>Jan Ko\u0142ody\u0144ski \u2013 skarbnik<\/p>\n<p>Micha\u0142 D\u0105browski \u2013 sekretarz<\/p>\n<p>\u0141ukasz Zinkiewicz \u2013 PR<\/p>\n<p>Zarz\u0105dowi \u017cyczymy wielu pomys\u0142\u00f3w na rozwijanie i kontynuacj\u0119 dzia\u0142alno\u015bci Ko\u0142a.<\/p>\n","protected":false},"excerpt":{"rendered":"<p>&nbsp; Z przyjemno\u015bci\u0105 informujemy, \u017ce Walne Zgromadzenie wszystkich cz\u0142onk\u00f3w\u00a0Ko\u0142a Naukowego Optyki i Fotoniki oraz OSA University of Warsaw Student Chapter wybra\u0142o nowy zarz\u0105d na kadencj\u0119 2012\/2013 w sk\u0142adzie:\u00a0[pe2-image src=&#8221;http:\/\/lh5.ggpht.com\/-mOixsPVMM1c\/UQkEquZNtQI\/AAAAAAAAAxY\/8oIYP78ahrQ\/s144-c\/IMG_0691.JPG&#8221; href=&#8221;https:\/\/picasaweb.google.com\/100044376096487566345\/20121115WalneZgromadzenie#5839203523917362434&#8243; caption=&#8221;IMG_0691.JPG&#8221; type=&#8221;image&#8221; alt=&#8221;IMG_0691.JPG&#8221; pe2_img_align=&#8221;right&#8221; ] Micha\u0142 Nawrot \u2013 prezes Micha\u0142 Parniak \u2013 wiceprezes Jan Ko\u0142ody\u0144ski \u2013 skarbnik Micha\u0142 D\u0105browski \u2013 &hellip;<\/p>\n","protected":false},"author":1,"featured_media":0,"comment_status":"closed","ping_status":"open","sticky":false,"template":"","format":"standard","meta":{"footnotes":""},"categories":[5],"tags":[],"class_list":["post-259","post","type-post","status-publish","format-standard","hentry","category-aktualnosci"],"_links":{"self":[{"href":"https:\/\/knof.fuw.edu.pl\/index.php\/wp-json\/wp\/v2\/posts\/259","targetHints":{"allow":["GET"]}}],"collection":[{"href":"https:\/\/knof.fuw.edu.pl\/index.php\/wp-json\/wp\/v2\/posts"}],"about":[{"href":"https:\/\/knof.fuw.edu.pl\/index.php\/wp-json\/wp\/v2\/types\/post"}],"author":[{"embeddable":true,"href":"https:\/\/knof.fuw.edu.pl\/index.php\/wp-json\/wp\/v2\/users\/1"}],"replies":[{"embeddable":true,"href":"https:\/\/knof.fuw.edu.pl\/index.php\/wp-json\/wp\/v2\/comments?post=259"}],"version-history":[{"count":1,"href":"https:\/\/knof.fuw.edu.pl\/index.php\/wp-json\/wp\/v2\/posts\/259\/revisions"}],"predecessor-version":[{"id":2430,"href":"https:\/\/knof.fuw.edu.pl\/index.php\/wp-json\/wp\/v2\/posts\/259\/revisions\/2430"}],"wp:attachment":[{"href":"https:\/\/knof.fuw.edu.pl\/index.php\/wp-json\/wp\/v2\/media?parent=259"}],"wp:term":[{"taxonomy":"category","embeddable":true,"href":"https:\/\/knof.fuw.edu.pl\/index.php\/wp-json\/wp\/v2\/categories?post=259"},{"taxonomy":"post_tag","embeddable":true,"href":"https:\/\/knof.fuw.edu.pl\/index.php\/wp-json\/wp\/v2\/tags?post=259"}],"curies":[{"name":"wp","href":"https:\/\/api.w.org\/{rel}","templated":true}]}}